{"id":4051,"date":"2021-03-09T11:32:50","date_gmt":"2021-03-09T10:32:50","guid":{"rendered":"https:\/\/3.aedar.de\/wuttkeklimatechnik\/?p=4051"},"modified":"2026-02-03T10:35:17","modified_gmt":"2026-02-03T09:35:17","slug":"betriebsjubilaeum-frau-mueller","status":"publish","type":"post","link":"https:\/\/wuttke-klimatechnik.de\/en\/betriebsjubilaeum-frau-mueller\/","title":{"rendered":"25-j\u00e4hriges Betriebsjubil\u00e4um von Frau M\u00fcller"},"content":{"rendered":"<div class=\"et_pb_section_0 et_pb_section et_section_regular et_block_section\"><div class=\"et_pb_row_0 et_pb_row et_block_row preset--module--divi-row--default\"><div class=\"et_pb_column_0 et_pb_column et_pb_column_4_4 et_block_column et_pb_css_mix_blend_mode_passthrough\"><div class=\"et_pb_image_0 et_pb_image et_pb_module et_flex_module\"><\/div><\/div><div class=\"et_pb_column_1 et_pb_column et_pb_column_4_4 et-last-child et_block_column et_pb_css_mix_blend_mode_passthrough\"><div class=\"et_pb_text_0 et_pb_text et_pb_bg_layout_light et_pb_module et_flex_module preset--group--divi-text--divi-font-body--default preset--group--divi-text--divi-font-header--default\"><div class=\"et_pb_text_inner\"><p>Wir freuen uns sehr, unsere Buchhalterin Frau M\u00fcller seit nun bereits 25 Jahren in unseren Reihen zu wissen. Wir gratulieren ihr hierzu sehr herzlich. Wir bedanken uns f\u00fcr die gute Zusammenarbeit und ihre Treue zum Unternehmen!<\/p>\n<\/div><\/div><\/div><\/div><\/div>","protected":false},"excerpt":{"rendered":"","protected":false},"author":1,"featured_media":4058,"comment_status":"open","ping_status":"open","sticky":false,"template":"","format":"standard","meta":{"inline_featured_image":false,"footnotes":""},"categories":[25],"tags":[],"class_list":["post-4051","post","type-post","status-publish","format-standard","has-post-thumbnail","hentry","category-aktuelles"],"_links":{"self":[{"href":"https:\/\/wuttke-klimatechnik.de\/en\/wp-json\/wp\/v2\/posts\/4051","targetHints":{"allow":["GET"]}}],"collection":[{"href":"https:\/\/wuttke-klimatechnik.de\/en\/wp-json\/wp\/v2\/posts"}],"about":[{"href":"https:\/\/wuttke-klimatechnik.de\/en\/wp-json\/wp\/v2\/types\/post"}],"author":[{"embeddable":true,"href":"https:\/\/wuttke-klimatechnik.de\/en\/wp-json\/wp\/v2\/users\/1"}],"replies":[{"embeddable":true,"href":"https:\/\/wuttke-klimatechnik.de\/en\/wp-json\/wp\/v2\/comments?post=4051"}],"version-history":[{"count":1,"href":"https:\/\/wuttke-klimatechnik.de\/en\/wp-json\/wp\/v2\/posts\/4051\/revisions"}],"predecessor-version":[{"id":9742,"href":"https:\/\/wuttke-klimatechnik.de\/en\/wp-json\/wp\/v2\/posts\/4051\/revisions\/9742"}],"wp:featuredmedia":[{"embeddable":true,"href":"https:\/\/wuttke-klimatechnik.de\/en\/wp-json\/wp\/v2\/media\/4058"}],"wp:attachment":[{"href":"https:\/\/wuttke-klimatechnik.de\/en\/wp-json\/wp\/v2\/media?parent=4051"}],"wp:term":[{"taxonomy":"category","embeddable":true,"href":"https:\/\/wuttke-klimatechnik.de\/en\/wp-json\/wp\/v2\/categories?post=4051"},{"taxonomy":"post_tag","embeddable":true,"href":"https:\/\/wuttke-klimatechnik.de\/en\/wp-json\/wp\/v2\/tags?post=4051"}],"curies":[{"name":"wp","href":"https:\/\/api.w.org\/{rel}","templated":true}]}}