{"id":5671,"date":"2021-06-09T11:21:27","date_gmt":"2021-06-09T09:21:27","guid":{"rendered":"https:\/\/3.aedar.de\/wuttkeklimatechnik\/?p=5671"},"modified":"2026-02-03T10:35:18","modified_gmt":"2026-02-03T09:35:18","slug":"20-jaehriges-betriebsjubilaeum-herr-wolf","status":"publish","type":"post","link":"https:\/\/wuttke-klimatechnik.de\/en\/20-jaehriges-betriebsjubilaeum-herr-wolf\/","title":{"rendered":"20. Betriebsjubil\u00e4um Herr Wolf"},"content":{"rendered":"<div class=\"et_pb_section_0 et_pb_section et_section_regular et_block_section\"><div class=\"et_pb_row_0 et_pb_row et_block_row preset--module--divi-row--default\"><div class=\"et_pb_column_0 et_pb_column et_pb_column_4_4 et-last-child et_block_column et_pb_css_mix_blend_mode_passthrough\"><div class=\"et_pb_image_0 et_pb_image et_pb_module et_flex_module\"><\/div><div class=\"et_pb_text_0 et_pb_text et_pb_bg_layout_light et_pb_module et_flex_module preset--group--divi-text--divi-font-body--default preset--group--divi-text--divi-font-header--default\"><div class=\"et_pb_text_inner\"><h2><b><span>Seit zwei Jahrzehnten im Einsatz:<br \/>Wir feiern das Betriebsjubil\u00e4um von\u00a0Torsten\u00a0Wolf<\/span><\/b><span><\/span><\/h2>\n<\/div><\/div><\/div><\/div><div class=\"et_pb_row_1 et_pb_row et_block_row preset--module--divi-row--default\"><div class=\"et_pb_column_1 et_pb_column et_pb_column_4_4 et_block_column et_pb_css_mix_blend_mode_passthrough\"><div class=\"et_pb_image_1 et_pb_image et_pb_module et_flex_module\"><\/div><\/div><div class=\"et_pb_column_2 et_pb_column et_pb_column_4_4 et-last-child et_block_column et_pb_css_mix_blend_mode_passthrough\"><div class=\"et_pb_text_1 et_pb_text et_pb_bg_layout_light et_pb_module et_flex_module preset--group--divi-text--divi-font-body--default preset--group--divi-text--divi-font-header--default\"><div class=\"et_pb_text_inner\"><p><span>Als Familienunternehmen betrachten wir jeden unserer Mitarbeiter als Teil dieser Familie. Nur wenige sind schon so lange an Bord wie\u00a0Torsten Wolf: 2001 als Servicemonteur bei Wuttke gestartet, steht Herr Wolf jetzt als K\u00e4ltemeister unseren Kunden und Kollegen mit seinem Engagement und Wissen zur Seite.<\/span><\/p>\n<p><span>Wir danken Herrn Wolf nicht nur f\u00fcr seinen bisherigen unerm\u00fcdlichen Einsatz. Wir hoffen darauf, mit ihm gemeinsam auch auf 30 oder 40 Jahre im Unternehmen ansto\u00dfen zu k\u00f6nnen. Wir gratulieren Herrn Wolf herzlich zum Betriebsjubil\u00e4um!<\/span><\/p>\n<\/div><\/div><\/div><\/div><\/div>","protected":false},"excerpt":{"rendered":"","protected":false},"author":1,"featured_media":5674,"comment_status":"open","ping_status":"open","sticky":false,"template":"","format":"standard","meta":{"inline_featured_image":false,"footnotes":""},"categories":[25],"tags":[],"class_list":["post-5671","post","type-post","status-publish","format-standard","has-post-thumbnail","hentry","category-aktuelles"],"_links":{"self":[{"href":"https:\/\/wuttke-klimatechnik.de\/en\/wp-json\/wp\/v2\/posts\/5671","targetHints":{"allow":["GET"]}}],"collection":[{"href":"https:\/\/wuttke-klimatechnik.de\/en\/wp-json\/wp\/v2\/posts"}],"about":[{"href":"https:\/\/wuttke-klimatechnik.de\/en\/wp-json\/wp\/v2\/types\/post"}],"author":[{"embeddable":true,"href":"https:\/\/wuttke-klimatechnik.de\/en\/wp-json\/wp\/v2\/users\/1"}],"replies":[{"embeddable":true,"href":"https:\/\/wuttke-klimatechnik.de\/en\/wp-json\/wp\/v2\/comments?post=5671"}],"version-history":[{"count":1,"href":"https:\/\/wuttke-klimatechnik.de\/en\/wp-json\/wp\/v2\/posts\/5671\/revisions"}],"predecessor-version":[{"id":9743,"href":"https:\/\/wuttke-klimatechnik.de\/en\/wp-json\/wp\/v2\/posts\/5671\/revisions\/9743"}],"wp:featuredmedia":[{"embeddable":true,"href":"https:\/\/wuttke-klimatechnik.de\/en\/wp-json\/wp\/v2\/media\/5674"}],"wp:attachment":[{"href":"https:\/\/wuttke-klimatechnik.de\/en\/wp-json\/wp\/v2\/media?parent=5671"}],"wp:term":[{"taxonomy":"category","embeddable":true,"href":"https:\/\/wuttke-klimatechnik.de\/en\/wp-json\/wp\/v2\/categories?post=5671"},{"taxonomy":"post_tag","embeddable":true,"href":"https:\/\/wuttke-klimatechnik.de\/en\/wp-json\/wp\/v2\/tags?post=5671"}],"curies":[{"name":"wp","href":"https:\/\/api.w.org\/{rel}","templated":true}]}}