{"id":6721,"date":"2021-09-08T09:39:49","date_gmt":"2021-09-08T07:39:49","guid":{"rendered":"https:\/\/wuttke-klimatechnik.de\/?p=6721"},"modified":"2026-02-03T10:35:19","modified_gmt":"2026-02-03T09:35:19","slug":"information-zur-foerderung-neuer-lueftungsanlagen-an-kitas-und-schulen","status":"publish","type":"post","link":"https:\/\/wuttke-klimatechnik.de\/en\/information-zur-foerderung-neuer-lueftungsanlagen-an-kitas-und-schulen\/","title":{"rendered":"F\u00f6rderung neuer L\u00fcftungsanlagen an Kitas und Schulen"},"content":{"rendered":"<div class=\"et_pb_section_0 et_pb_section et_section_regular et_block_section preset--module--divi-section--24d48315-7af1-406d-aa8b-582d674a0068\"><div class=\"et_pb_row_0 et_pb_row et_block_row preset--module--divi-row--81e77407-044d-4bd8-bade-cd63c1b23487\"><div class=\"et_pb_column_0 et_pb_column et_pb_column_4_4 et-last-child et_block_column et_pb_css_mix_blend_mode_passthrough\"><div class=\"et_pb_text_0 et_pb_text et_pb_bg_layout_light et_pb_module et_flex_module preset--group--divi-text--divi-font-body--default preset--group--divi-text--divi-font-header--default\"><div class=\"et_pb_text_inner\"><p>Die Corona-Pandemie ist seit mittlerweile fast zwei Jahren ein bestimmendes Thema. Teil der Diskussion war hierbei fast von Beginn der Corana-Lage an, das Thema bessere Raumbel\u00fcftung in Kitas und Schulen.<\/p>\n<\/div><\/div><div class=\"et_pb_text_1 et_pb_text et_pb_bg_layout_light et_pb_module et_flex_module preset--group--divi-text--divi-font-body--default preset--group--divi-text--divi-font-header--default\"><div class=\"et_pb_text_inner\"><p>\u00dcber ihre grunds\u00e4tzliche Wirksamkeit bei der Verminderung von Krankheitskeimen in der Raumluft hinaus, helfen L\u00fcftungsanlagen den CO2-Gehalt zu reduzieren und f\u00f6rdern damit die Konzentrationsf\u00e4higkeit der Kinder. Das allgemeine Wohlbefinden wird verbessert und somit ist mehr Energie da zum spielen und lernen. Au\u00dferdem sind sie ein wichtiger Beitrag, um wirtschaftlich ein gutes und gesundes Raumklima zu gew\u00e4hrleisten. Hier finden Sie <a href=\"https:\/\/wuttke-klimatechnik.de\/wp-content\/uploads\/2021\/09\/Neue-Lueftungsanlagen-in-Kitas-und-Schulen-zu-80.pdf\" title=\"F\u00f6rderung von RLT-Anlagen\">weiterf\u00fchrende Informationen<\/a>.<\/p>\n<\/div><\/div><\/div><\/div><\/div>","protected":false},"excerpt":{"rendered":"","protected":false},"author":1,"featured_media":6739,"comment_status":"open","ping_status":"open","sticky":false,"template":"","format":"standard","meta":{"inline_featured_image":false,"footnotes":""},"categories":[25],"tags":[],"class_list":["post-6721","post","type-post","status-publish","format-standard","has-post-thumbnail","hentry","category-aktuelles"],"_links":{"self":[{"href":"https:\/\/wuttke-klimatechnik.de\/en\/wp-json\/wp\/v2\/posts\/6721","targetHints":{"allow":["GET"]}}],"collection":[{"href":"https:\/\/wuttke-klimatechnik.de\/en\/wp-json\/wp\/v2\/posts"}],"about":[{"href":"https:\/\/wuttke-klimatechnik.de\/en\/wp-json\/wp\/v2\/types\/post"}],"author":[{"embeddable":true,"href":"https:\/\/wuttke-klimatechnik.de\/en\/wp-json\/wp\/v2\/users\/1"}],"replies":[{"embeddable":true,"href":"https:\/\/wuttke-klimatechnik.de\/en\/wp-json\/wp\/v2\/comments?post=6721"}],"version-history":[{"count":1,"href":"https:\/\/wuttke-klimatechnik.de\/en\/wp-json\/wp\/v2\/posts\/6721\/revisions"}],"predecessor-version":[{"id":9744,"href":"https:\/\/wuttke-klimatechnik.de\/en\/wp-json\/wp\/v2\/posts\/6721\/revisions\/9744"}],"wp:featuredmedia":[{"embeddable":true,"href":"https:\/\/wuttke-klimatechnik.de\/en\/wp-json\/wp\/v2\/media\/6739"}],"wp:attachment":[{"href":"https:\/\/wuttke-klimatechnik.de\/en\/wp-json\/wp\/v2\/media?parent=6721"}],"wp:term":[{"taxonomy":"category","embeddable":true,"href":"https:\/\/wuttke-klimatechnik.de\/en\/wp-json\/wp\/v2\/categories?post=6721"},{"taxonomy":"post_tag","embeddable":true,"href":"https:\/\/wuttke-klimatechnik.de\/en\/wp-json\/wp\/v2\/tags?post=6721"}],"curies":[{"name":"wp","href":"https:\/\/api.w.org\/{rel}","templated":true}]}}